{"id":2352,"date":"2024-10-10T10:49:10","date_gmt":"2024-10-10T08:49:10","guid":{"rendered":"http:\/\/rrv.rodriguez-iconsulting.com\/?p=2352"},"modified":"2025-08-14T10:04:00","modified_gmt":"2025-08-14T08:04:00","slug":"entrevista-dr-ruth-vijande-rodriguez-para-el-telediario-de-rtve","status":"publish","type":"post","link":"https:\/\/www.rodriguez-iconsulting.com\/es\/news\/entrevista-dr-ruth-vijande-rodriguez-para-el-telediario-de-rtve","title":{"rendered":"Entrevista a Dr. Ruth Vijande Rodriguez para el telediario de RTVE"},"content":{"rendered":"<div data-elementor-type=\"wp-post\" data-elementor-id=\"2352\" class=\"elementor elementor-2352\">\n\t\t\t\t<div class=\"elementor-element elementor-element-54ff58a6 e-flex e-con-boxed e-con e-parent\" data-id=\"54ff58a6\" data-element_type=\"container\" data-e-type=\"container\">\n\t\t\t\t\t<div class=\"e-con-inner\">\n\t\t\t\t<div class=\"elementor-element elementor-element-415ecd89 elementor-widget elementor-widget-text-editor\" data-id=\"415ecd89\" data-element_type=\"widget\" data-e-type=\"widget\" data-widget_type=\"text-editor.default\">\n\t\t\t\t<div class=\"elementor-widget-container\">\n\t\t\t\t\t\t\t\t\t<p><strong>Link a la entrevista reducida:<\/strong><br \/><a href=\"https:\/\/www.rtve.es\/play\/videos\/telediario-2\/ingenieros-espanoles-alemania-salario\/6358198\/\">https:\/\/www.rtve.es\/play\/videos\/telediario-2\/ingenieros-espanoles-alemania-salario\/6358198\/<\/a><\/p><p><strong>Entrevista completa:<\/strong><\/p><h3><strong>Tienes una trayectoria personal y profesional muy amplia, ya que te has formado y has trabajado en diferentes pa\u00edses: Gran Breta\u00f1a, EEUU, Jap\u00f3n y ahora en Alemania. Cu\u00e9ntanos un poco qui\u00e9n eres y a qu\u00e9 te dedicas actualmente.<\/strong><\/h3><p>De formaci\u00f3n soy ingeniera superior industrial, MBA de la London Business School y tengo un doctorado europeo en econ\u00f3micas.<\/p><p>Momentan leite ich meine Beratungsfirma, Rodriguez International Consulting. Wir bieten Dienstleistungen an, die von Unternehmensberatung bis hin zu Personalfragen reichen, wie beispielsweise <a href=\"https:\/\/www.rodriguez-iconsulting.com\/es\/reclutamiento-de-personal-headhunting\">Headhunting<\/a> haupts\u00e4chlich f\u00fcr technische und internationale Profile.<\/p><h3><strong>Llegaste a Berl\u00edn en 1999 \u00bfSab\u00edas alem\u00e1n? \u00bfC\u00f3mo fueron tus primeros pasos en Alemania?<\/strong><\/h3><p>Fui a Berl\u00edn con una Erasmus para hacer el quinto curso de carrera. Hab\u00eda estudiado hasta tercero de la Escuela de Idiomas, pero al llegar a la universidad fue un shock ya que no entend\u00eda casi nada, y eso que eran muchas asignaturas de n\u00fameros.<\/p><p>Pero poco a poco va mejorando el idioma, volv\u00ed a escribir mi proyecto fin de carrera con Siemens. Al terminar empec\u00e9 como trainee de ventas t\u00e9cnicas para Bosch, donde estuve trabajando casi diez a\u00f1os, no solo en Alemania.<br \/>Para la b\u00fasqueda de empleo en Alemania siempre recomendamos aprender alem\u00e1n desde el principio<\/p><h3><strong>\u00bfAlguna recomendaci\u00f3n para las personas que est\u00e1n en ese proceso?<\/strong><\/h3><p>Es algo fundamental. Aunque en el entorno laboral haya muchos compa\u00f1eros que hablen ingl\u00e9s, la integraci\u00f3n fuera del trabajo en el pa\u00eds es fundamental para tener una buena experiencia a nivel global. El alem\u00e1n es un idioma que no es f\u00e1cil de aprender, por lo que requiere mucho esfuerzo al principio. Digo que es como correr una marat\u00f3n, no hay que desanimarse, sino pensar en el objetivo y al final el esfuerzo merece la pena.<\/p><h3><strong>Como asesora de empresas que buscan profesionales extranjeros y de personas que buscan empleo en Alemania \u00bfcu\u00e1les crees que son las mayores dificultades en la integraci\u00f3n laboral en este pa\u00eds?<\/strong><\/h3><p>Para mi tesis doctoral realic\u00e9 una encuesta a ingenieros espa\u00f1oles en Alemania. Los aspectos que supon\u00edan un mayor reto eran el dominio del idioma alem\u00e1n y la dificultad de establecer amistades con alemanes.\n\nMuchas empresas trabajan para ayudar la integraci\u00f3n en estos aspectos, ofreciendo ayudas para clases de alem\u00e1n y actividades de ocio fuera del trabajo.<\/p><h3><strong>Y actualmente, \u00bfqu\u00e9 perfiles est\u00e1n m\u00e1s demandados en Alemania, dentro de los sectores en los que est\u00e1s especializada?<\/strong><\/h3><p>Los sectores de IT y tecnolog\u00eda siguen muy demandados. El sector de automoci\u00f3n, clave en Alemania, se encuentra en un momento de cambio, pero yo sigo creyendo en su futuro, con un cambio de orientaci\u00f3n. El sector de construcci\u00f3n y el energ\u00e9tico tienen actualmente tambi\u00e9n una gran demanda de profesionales.<\/p><h3><strong>\u00bfDe qu\u00e9 manera crees que la experiencia en Alemania te ha ayudado a evolucionar profesionalmente? \u00bfQu\u00e9 has aprendido trabajando aqu\u00ed que te gustar\u00eda trasladar a Espa\u00f1a?<\/strong><\/h3><p>La confianza en uno mismo y capacidad de superaci\u00f3n. Cuando llegu\u00e9 a Alemania pens\u00e9 que me ser\u00eda imposible dominar el idioma o encontrar trabajo como ingeniera. Si me hubiese quedado en Espa\u00f1a hubiese estado probablemente en un entorno m\u00e1s c\u00f3modo.\n\nMe gustar\u00eda trasladar a Espa\u00f1a la ambici\u00f3n de ser m\u00e1s activos internacionalmente, porque somos profesionales bien formados y con muchas capacidades necesarias en el mercado laboral.<\/p><h3><strong>Y al rev\u00e9s, \u00bfqu\u00e9 cualidades pueden aportar los espa\u00f1oles en Alemania?<\/strong><\/h3><p>Adem\u00e1s de la capacidad ling\u00fc\u00edstica, ya que muchas empresas realizan negocios en Espa\u00f1a y Latinoam\u00e9rica, muchos espa\u00f1oles tienen altas capacidades sociales, de empat\u00eda, que son muy necesarias para puestos en contacto con clientes.\n\nTambi\u00e9n desde el punto de vista t\u00e9cnico, la formaci\u00f3n en Espa\u00f1a, aunque es m\u00e1s te\u00f3rica, nos da herramientas para ser buenos profesionales tambi\u00e9n en el extranjero, como en Alemania.<\/p><h3><strong>\u00bfC\u00f3mo te ha cambiado como persona vivir en el extranjero? Si volvieras atr\u00e1s, \u00bfte marchar\u00edas otra vez?<\/strong><\/h3><p>Creo que soy una persona muy distinta a la que hubiese sido si me hubiese quedado en Espa\u00f1a. Todo tiene sus ventajas e inconvenientes, me siento bien en los dos pa\u00edses. Mi marido es alem\u00e1n, mi hija naci\u00f3 en Londres, mi hijo en Dortmund, as\u00ed que nos sentimos una familia europea.<\/p><h3><strong>\u00bfC\u00f3mo valoras t\u00fa el networking de los profesionales espa\u00f1oles en Alemania? \u00bfQu\u00e9 beneficios crees que puede traer fomentar la conexi\u00f3n y la participaci\u00f3n entre ellos?<\/strong><\/h3><p>Siempre hay potencial de mejora. Creo que hay redes de algunas comunidades aut\u00f3nomas, o centradas en ciudades como Berl\u00edn. Hay much\u00edsimos beneficios ligados al networking. Quiz\u00e1s tiene para ciertas personas un toque negativo, aunque en el \u00e1mbito anglosaj\u00f3n se vive con m\u00e1s naturalidad. Aunque no lo parezca, todo el mundo puede ayudar a alguien en alg\u00fan momento, da igual de la formaci\u00f3n, profesi\u00f3n, etc.<\/p><h3><strong>\u00bfTienes alguna frase de \u00e1nimos o alguna recomendaci\u00f3n para los que acaban de llegar?<\/strong><\/h3><p>Pues mucha suerte. Que es normal tener periodos de desmoralizaci\u00f3n, de pensar que uno no va a conseguir el objetivo de aprender el idioma, encontrar trabajo, etc.<\/p><p>Que cuando entren las ganas de volverse a Espa\u00f1a porque uno piensa que no lo va a conseguir, que intente aguantar el tir\u00f3n y darse unos meses m\u00e1s. Repito que pienso que es como correr una marat\u00f3n, no hay que desanimarse, pensar en el objetivo y al final el esfuerzo merece la pena.<\/p><p><strong>\u00a1Muchas gracias por tu tiempo!<\/strong><\/p>\t\t\t\t\t\t\t\t<\/div>\n\t\t\t\t<\/div>\n\t\t\t\t\t<\/div>\n\t\t\t\t<\/div>\n\t\t\t\t<\/div>","protected":false},"excerpt":{"rendered":"<p>Link zum kurzen Interview:https:\/\/www.rtve.es\/play\/videos\/telediario-2\/ingenieros-espanoles-alemania-salario\/6358198\/ Vollst\u00e4ndiges Interview: Sie haben einen breiten pers\u00f6nlichen und beruflichen Hintergrund, da Sie in verschiedenen L\u00e4ndern studiert und gearbeitet haben: Gro\u00dfbritannien, den USA, Japan und jetzt Deutschland. Erz\u00e4hlen Sie uns ein wenig \u00fcber sich und was Sie gerade tun. Ich bin von der Ausbildung her Wirtschaftsingenieurin, habe einen MBA von der London [&hellip;]<\/p>\n","protected":false},"author":1,"featured_media":1847,"comment_status":"closed","ping_status":"closed","sticky":false,"template":"","format":"standard","meta":{"_seopress_robots_primary_cat":"","_seopress_titles_title":"","_seopress_titles_desc":"","_seopress_robots_index":"","ocean_post_layout":"","ocean_both_sidebars_style":"","ocean_both_sidebars_content_width":0,"ocean_both_sidebars_sidebars_width":0,"ocean_sidebar":"0","ocean_second_sidebar":"0","ocean_disable_margins":"enable","ocean_add_body_class":"","ocean_shortcode_before_top_bar":"","ocean_shortcode_after_top_bar":"","ocean_shortcode_before_header":"","ocean_shortcode_after_header":"","ocean_has_shortcode":"","ocean_shortcode_after_title":"","ocean_shortcode_before_footer_widgets":"","ocean_shortcode_after_footer_widgets":"","ocean_shortcode_before_footer_bottom":"","ocean_shortcode_after_footer_bottom":"","ocean_display_top_bar":"default","ocean_display_header":"default","ocean_header_style":"","ocean_center_header_left_menu":"0","ocean_custom_header_template":"0","ocean_custom_logo":0,"ocean_custom_retina_logo":0,"ocean_custom_logo_max_width":0,"ocean_custom_logo_tablet_max_width":0,"ocean_custom_logo_mobile_max_width":0,"ocean_custom_logo_max_height":0,"ocean_custom_logo_tablet_max_height":0,"ocean_custom_logo_mobile_max_height":0,"ocean_header_custom_menu":"0","ocean_menu_typo_font_family":"0","ocean_menu_typo_font_subset":"","ocean_menu_typo_font_size":0,"ocean_menu_typo_font_size_tablet":0,"ocean_menu_typo_font_size_mobile":0,"ocean_menu_typo_font_size_unit":"px","ocean_menu_typo_font_weight":"","ocean_menu_typo_font_weight_tablet":"","ocean_menu_typo_font_weight_mobile":"","ocean_menu_typo_transform":"","ocean_menu_typo_transform_tablet":"","ocean_menu_typo_transform_mobile":"","ocean_menu_typo_line_height":0,"ocean_menu_typo_line_height_tablet":0,"ocean_menu_typo_line_height_mobile":0,"ocean_menu_typo_line_height_unit":"","ocean_menu_typo_spacing":0,"ocean_menu_typo_spacing_tablet":0,"ocean_menu_typo_spacing_mobile":0,"ocean_menu_typo_spacing_unit":"","ocean_menu_link_color":"","ocean_menu_link_color_hover":"","ocean_menu_link_color_active":"","ocean_menu_link_background":"","ocean_menu_link_hover_background":"","ocean_menu_link_active_background":"","ocean_menu_social_links_bg":"","ocean_menu_social_hover_links_bg":"","ocean_menu_social_links_color":"","ocean_menu_social_hover_links_color":"","ocean_disable_title":"default","ocean_disable_heading":"default","ocean_post_title":"","ocean_post_subheading":"","ocean_post_title_style":"","ocean_post_title_background_color":"","ocean_post_title_background":0,"ocean_post_title_bg_image_position":"","ocean_post_title_bg_image_attachment":"","ocean_post_title_bg_image_repeat":"","ocean_post_title_bg_image_size":"","ocean_post_title_height":0,"ocean_post_title_bg_overlay":0.5,"ocean_post_title_bg_overlay_color":"","ocean_disable_breadcrumbs":"default","ocean_breadcrumbs_color":"","ocean_breadcrumbs_separator_color":"","ocean_breadcrumbs_links_color":"","ocean_breadcrumbs_links_hover_color":"","ocean_display_footer_widgets":"default","ocean_display_footer_bottom":"default","ocean_custom_footer_template":"0","omw_enable_modal_window":"enable","ocean_post_oembed":"","ocean_post_self_hosted_media":"","ocean_post_video_embed":"","ocean_link_format":"","ocean_link_format_target":"self","ocean_quote_format":"","ocean_quote_format_link":"post","ocean_gallery_link_images":"on","ocean_gallery_id":[],"footnotes":""},"categories":[1],"tags":[9],"class_list":["post-2352","post","type-post","status-publish","format-standard","has-post-thumbnail","hentry","category-allgemein","tag-startseite","entry","has-media"],"_links":{"self":[{"href":"https:\/\/www.rodriguez-iconsulting.com\/es\/wp-json\/wp\/v2\/posts\/2352","targetHints":{"allow":["GET"]}}],"collection":[{"href":"https:\/\/www.rodriguez-iconsulting.com\/es\/wp-json\/wp\/v2\/posts"}],"about":[{"href":"https:\/\/www.rodriguez-iconsulting.com\/es\/wp-json\/wp\/v2\/types\/post"}],"author":[{"embeddable":true,"href":"https:\/\/www.rodriguez-iconsulting.com\/es\/wp-json\/wp\/v2\/users\/1"}],"replies":[{"embeddable":true,"href":"https:\/\/www.rodriguez-iconsulting.com\/es\/wp-json\/wp\/v2\/comments?post=2352"}],"version-history":[{"count":11,"href":"https:\/\/www.rodriguez-iconsulting.com\/es\/wp-json\/wp\/v2\/posts\/2352\/revisions"}],"predecessor-version":[{"id":2871,"href":"https:\/\/www.rodriguez-iconsulting.com\/es\/wp-json\/wp\/v2\/posts\/2352\/revisions\/2871"}],"wp:featuredmedia":[{"embeddable":true,"href":"https:\/\/www.rodriguez-iconsulting.com\/es\/wp-json\/wp\/v2\/media\/1847"}],"wp:attachment":[{"href":"https:\/\/www.rodriguez-iconsulting.com\/es\/wp-json\/wp\/v2\/media?parent=2352"}],"wp:term":[{"taxonomy":"category","embeddable":true,"href":"https:\/\/www.rodriguez-iconsulting.com\/es\/wp-json\/wp\/v2\/categories?post=2352"},{"taxonomy":"post_tag","embeddable":true,"href":"https:\/\/www.rodriguez-iconsulting.com\/es\/wp-json\/wp\/v2\/tags?post=2352"}],"curies":[{"name":"wp","href":"https:\/\/api.w.org\/{rel}","templated":true}]}}